[{"@context":"https:\/\/schema.org\/","@type":"Article","@id":"https:\/\/www.levaldor.fr\/chacun-a-sa-propre-image-des-vacances\/#Article","mainEntityOfPage":"https:\/\/www.levaldor.fr\/chacun-a-sa-propre-image-des-vacances\/","headline":"Chacun a sa propre image des vacances","name":"Chacun a sa propre image des vacances","description":"Tout le monde aime les vacances, mais la fa\u00e7on de les voir est diff\u00e9rente. Bien s\u00fbr, les gens aiment voyager, prendre le train, le bus ou l\\&#8217;avion. C\\&#8217;est particuli\u00e8rement vrai pour les personnes qui aiment voyager. Pour \u00eatre honn\u00eate, je ne suis pas vraiment int\u00e9ress\u00e9 par les voyages. Je n\\&#8217;aime pas les voyages o\u00f9 il [&hellip;]","datePublished":"2022-06-12","dateModified":"2022-06-12","author":{"@type":"Person","@id":"https:\/\/www.levaldor.fr\/author\/#Person","name":"","url":"https:\/\/www.levaldor.fr\/author\/","identifier":1,"image":{"@type":"ImageObject","@id":"https:\/\/secure.gravatar.com\/avatar\/95e04d59dbd953edbb4078d954ab72cca879b754151ff5a1a9844caae0615e95?s=96&d=mm&r=g","url":"https:\/\/secure.gravatar.com\/avatar\/95e04d59dbd953edbb4078d954ab72cca879b754151ff5a1a9844caae0615e95?s=96&d=mm&r=g","height":96,"width":96}},"publisher":{"@type":"Organization","name":"levaldor.fr","logo":{"@type":"ImageObject","@id":"\/logo.png","url":"\/logo.png","width":600,"height":60}},"image":{"@type":"ImageObject","@id":"https:\/\/www.levaldor.fr\/wp-content\/uploads\/beach-7239311_640.jpg","url":"https:\/\/www.levaldor.fr\/wp-content\/uploads\/beach-7239311_640.jpg","height":0,"width":0},"url":"https:\/\/www.levaldor.fr\/chacun-a-sa-propre-image-des-vacances\/","about":["Vacances"],"wordCount":297,"articleBody":"Tout le monde aime les vacances, mais la fa\u00e7on de les voir est diff\u00e9rente. Bien s\u00fbr, les gens aiment voyager, prendre le train, le bus ou l\\&#8217;avion. C\\&#8217;est particuli\u00e8rement vrai pour les personnes qui aiment voyager. Pour \u00eatre honn\u00eate, je ne suis pas vraiment int\u00e9ress\u00e9 par les voyages. Je n\\&#8217;aime pas les voyages o\u00f9 il faut attendre lentement pendant une heure que l\\&#8217;avion arrive, parce qu\\&#8217;il y a un retard quelque part, il faut attendre et c\\&#8217;est tr\u00e8s exigeant.Je pr\u00e9f\u00e8re les voyages courts et relaxants aux vols longs et stressants. Mais cela d\u00e9pend de l\\&#8217;endroit et du moment o\u00f9 vous voyagez. Il peut se passer beaucoup de choses en cours de route. Il peut y avoir un accident de voiture, l\\&#8217;avion peut \u00eatre retard\u00e9, le vol peut \u00eatre retard\u00e9. Il y a vraiment beaucoup d\\&#8217;inconv\u00e9nients \u00e0 voyager. Ainsi, certaines personnes ne veulent pas voyager du tout et ne veulent pas vraiment partir en vacances. Mais d\\&#8217;un autre c\u00f4t\u00e9, ils pensent que lorsqu\\&#8217;ils arrivent quelque part en vacances, ou qu\\&#8217;ils veulent aller quelque part en vacances, ils l\\&#8217;appr\u00e9cieront tellement qu\\&#8217;ils voudront repartir en vacances encore et encore.  Je ne veux pas dire que je n\\&#8217;aime pas voyager ou que je ne veux pas partir en vacances, mais que je trouve cela relaxant et sans stress. Principalement, vous devez vous mettre d\\&#8217;accord sur l\\&#8217;endroit o\u00f9 vous allez et vous devez vous mettre d\\&#8217;accord avec votre famille. Ainsi, vous aurez plus de plaisir, de joie, de rires et des vacances de r\u00eave. Donc, si vous devez voyager quelque part, assurez-vous d\\&#8217;y aller avec vos proches.                                                                                                                                                                                                                                                                                                                                                                                        4.3\/5 - (19 votes)        "},{"@context":"https:\/\/schema.org\/","@type":"BreadcrumbList","itemListElement":[{"@type":"ListItem","position":1,"name":"Chacun a sa propre image des vacances","item":"https:\/\/www.levaldor.fr\/chacun-a-sa-propre-image-des-vacances\/#breadcrumbitem"}]}]